{"id":10666,"date":"2021-09-30T07:18:38","date_gmt":"2021-09-30T05:18:38","guid":{"rendered":"https:\/\/vrteckonjice.splet.arnes.si\/?p=10666"},"modified":"2021-10-01T16:55:26","modified_gmt":"2021-10-01T14:55:26","slug":"teden-mobilnosti","status":"publish","type":"post","link":"https:\/\/vrtec-konjice.si\/?p=10666","title":{"rendered":"TEDEN MOBILNOSTI"},"content":{"rendered":"<p>Pri nas v vrtcu je \u017eivahno vso leto. In \u017eivahno je bilo tudi med 16. in 22. septembrom, ko smo zdru\u017eili mo\u010di in\u00a0 obele\u017eili Teden mobilnosti pod sloganom: <strong>\u017divi zdravo. Potuj trajnostno.<\/strong><\/p>\n<p>V bli\u017eini vrtcev smo namestili <strong>Pe\u0161bus<\/strong> table, preko katerih smo spodbujali, da so star\u0161i avtomobile parkirali drugje in od table do vrtca pri\u0161li pe\u0161.<\/p>\n<p>Po enotah in oddelkih so potekale razli\u010dne aktivnosti na izbrano temo.\u00a0 Na temo mobilnosti so se po enotah ustvarjali tudi plakati na temo zdravega \u017eivljenjskega sloga (gibanje v naravi, hoja, kolesarjenje, vo\u017enja s skiroji, ipd.), kateri so bili razstavljeni na stebri\u010dkih po trgu Slovenskih Konjic.<\/p>\n<p>V sklopu projekta Tedna mobilnosti se je skupina otrok iz enote Tatenbach udele\u017eila dogodka na trgu Slovenskih Konjic in se ob tem prilo\u017enostno uradno zahvalili donatorju \u010delad: ISOKON, d.o.o., Slovenske Konjice.<\/p>\n<p>Tako bomo v vrtcu \u0161e bolj varni, ko bomo preizku\u0161ali na\u0161e sposobnosti na poganjal\u010dkih in kolesih.<\/p>\n<p><a href=\"https:\/\/vrtec-konjice.si\/files\/2021\/09\/4-scaled.jpg\"><img loading=\"lazy\" decoding=\"async\" class=\"alignnone size-medium wp-image-10667\" src=\"https:\/\/vrtec-konjice.si\/files\/2021\/09\/4-300x200.jpg\" alt=\"\" width=\"300\" height=\"200\" \/><\/a>\u00a0<a href=\"https:\/\/vrtec-konjice.si\/files\/2021\/09\/Slika4-scaled.jpg\"><img loading=\"lazy\" decoding=\"async\" class=\"alignnone size-medium wp-image-10681\" src=\"https:\/\/vrtec-konjice.si\/files\/2021\/09\/Slika4-300x225.jpg\" alt=\"\" width=\"300\" height=\"225\" \/><\/a><\/p>\n","protected":false},"excerpt":{"rendered":"<p>Pri nas v vrtcu je \u017eivahno vso leto. In \u017eivahno je bilo tudi med 16. in 22. septembrom, ko smo zdru\u017eili mo\u010di in\u00a0 obele\u017eili Teden mobilnosti pod sloganom: \u017divi zdravo. Potuj trajnostno. V bli\u017eini vrtcev smo namestili Pe\u0161bus table, preko katerih smo spodbujali, da so star\u0161i avtomobile parkirali drugje in od table do vrtca pri\u0161li [&hellip;]<\/p>\n","protected":false},"author":33573,"featured_media":0,"comment_status":"open","ping_status":"open","sticky":false,"template":"","format":"standard","meta":{"_et_pb_use_builder":"","_et_pb_old_content":"","_et_gb_content_width":"","ngg_post_thumbnail":0,"footnotes":""},"categories":[9],"tags":[],"class_list":["post-10666","post","type-post","status-publish","format-standard","hentry","category-novice"],"_links":{"self":[{"href":"https:\/\/vrtec-konjice.si\/index.php?rest_route=\/wp\/v2\/posts\/10666","targetHints":{"allow":["GET"]}}],"collection":[{"href":"https:\/\/vrtec-konjice.si\/index.php?rest_route=\/wp\/v2\/posts"}],"about":[{"href":"https:\/\/vrtec-konjice.si\/index.php?rest_route=\/wp\/v2\/types\/post"}],"author":[{"embeddable":true,"href":"https:\/\/vrtec-konjice.si\/index.php?rest_route=\/wp\/v2\/users\/33573"}],"replies":[{"embeddable":true,"href":"https:\/\/vrtec-konjice.si\/index.php?rest_route=%2Fwp%2Fv2%2Fcomments&post=10666"}],"version-history":[{"count":3,"href":"https:\/\/vrtec-konjice.si\/index.php?rest_route=\/wp\/v2\/posts\/10666\/revisions"}],"predecessor-version":[{"id":10682,"href":"https:\/\/vrtec-konjice.si\/index.php?rest_route=\/wp\/v2\/posts\/10666\/revisions\/10682"}],"wp:attachment":[{"href":"https:\/\/vrtec-konjice.si\/index.php?rest_route=%2Fwp%2Fv2%2Fmedia&parent=10666"}],"wp:term":[{"taxonomy":"category","embeddable":true,"href":"https:\/\/vrtec-konjice.si\/index.php?rest_route=%2Fwp%2Fv2%2Fcategories&post=10666"},{"taxonomy":"post_tag","embeddable":true,"href":"https:\/\/vrtec-konjice.si\/index.php?rest_route=%2Fwp%2Fv2%2Ftags&post=10666"}],"curies":[{"name":"wp","href":"https:\/\/api.w.org\/{rel}","templated":true}]}}